{"id":121211,"date":"2021-07-11T11:41:52","date_gmt":"2021-07-11T09:41:52","guid":{"rendered":"http:\/\/ideesdisseny.com\/una-oda-al-descans-lestiu-amb-idees-disseny\/"},"modified":"2022-10-13T12:48:52","modified_gmt":"2022-10-13T10:48:52","slug":"una-oda-al-descanso-el-verano-con-idees-disseny","status":"publish","type":"post","link":"https:\/\/ideesdisseny.com\/es\/una-oda-al-descanso-el-verano-con-idees-disseny\/","title":{"rendered":"UNA ODA AL DESCANSO, EL VERANO CON IDEES DISSENY"},"content":{"rendered":"<p>[vc_row][vc_column width=\u00bb1\/12&#8243;][\/vc_column][vc_column width=\u00bb10\/12&#8243;][vc_single_image media=\u00bb114149&#8243; media_width_percent=\u00bb100&#8243; alignment=\u00bbcenter\u00bb uncode_shortcode_id=\u00bb128609&#8243;][\/vc_column][vc_column width=\u00bb1\/12&#8243;][\/vc_column][\/vc_row][vc_row][vc_column width=\u00bb1\/4&#8243;][\/vc_column][vc_column width=\u00bb1\/2&#8243;][vc_column_text uncode_shortcode_id=\u00bb852447&#8243; el_class=\u00bbtext\u00bb]El verano es una estaci\u00f3n que carga de energ\u00eda y de ilusi\u00f3n. Unos meses de calma que nos ayudan a serenarnos y coger fuerzas. Por ello, desde <strong>Idees Disseny<\/strong> te proponemos vivir estos d\u00edas de verano con el m\u00e1ximo descanso y tranquilidad gracias a la selecci\u00f3n que te ofrecemos a continuaci\u00f3n.[\/vc_column_text][vc_column_text uncode_shortcode_id=\u00bb349708&#8243; el_class=\u00bbtext\u00bb]Durante este per\u00edodo es esencial transmitir calma con los propios elementos de decoraci\u00f3n y mobiliario del hogar. Apuesta por las l\u00edneas sencillas que crean composiciones sinuosas y agradables a la vista, elementos que aportan un toque de dise\u00f1o a tu casa haci\u00e9ndola m\u00e1s accesible. El Bird y el Oiseau de Vitra son dos dise\u00f1os que te permitir\u00e1n incorporar este estilo. Uno en blanco y el otro en negro, crean el contraste ideal consiguiendo el equilibrio perfecto.[\/vc_column_text][vc_gallery el_id=\u00bbgallery-593983&#8243; medias=\u00bb114155,114152&#8243; gutter_size=\u00bb3&#8243; screen_lg=\u00bb1000&#8243; screen_md=\u00bb600&#8243; screen_sm=\u00bb480&#8243; single_overlay_opacity=\u00bb50&#8243; single_padding=\u00bb2&#8243; uncode_shortcode_id=\u00bb726891&#8243;][\/vc_column][vc_column width=\u00bb1\/4&#8243;][\/vc_column][\/vc_row][vc_row][vc_column width=\u00bb1\/4&#8243;][\/vc_column][vc_column width=\u00bb1\/2&#8243;][vc_column_text uncode_shortcode_id=\u00bb172435&#8243;]Para el exterior, te recomendamos la espectacular l\u00e1mpara port\u00e1til Sylvestrina de Santa &amp; Cole. Con l\u00edneas sutiles, su cuerpo nos recuerda a una l\u00e1mpara de aceite, mantiene la calidez de su versi\u00f3n original y se adapta a la tecnolog\u00eda LED permitiendo incorporar una bater\u00eda para ser ubicada en todos los espacios. Con Sylvestrina aportar\u00e1s un toque disruptivo y rompedor que, junto con la luz calidez de su luz, crear\u00e1 una atm\u00f3sfera de paz y bienestar. [\/vc_column_text][vc_gallery el_id=\u00bbgallery-451094&#8243; medias=\u00bb114161,114164&#8243; gutter_size=\u00bb3&#8243; screen_lg=\u00bb1000&#8243; screen_md=\u00bb600&#8243; screen_sm=\u00bb480&#8243; single_overlay_opacity=\u00bb50&#8243; single_padding=\u00bb2&#8243; uncode_shortcode_id=\u00bb886226&#8243;][\/vc_column][vc_column width=\u00bb1\/4&#8243;][\/vc_column][\/vc_row][vc_row][vc_column width=\u00bb1\/4&#8243;][\/vc_column][vc_column width=\u00bb1\/2&#8243;][vc_column_text uncode_shortcode_id=\u00bb211259&#8243;]Para separar espacios te resultar\u00e1 perfecto el original sistema de m\u00f3dulos en formas de algas marinasdise\u00f1ados por Ronan y Erwan Bourollec, una propuesta con la que no dejar\u00e1s a nadie indiferente. Estas piezas te transportar\u00e1n el fondo marino a tu casa. Cada juego cuenta con 25 unidades que permiten crear infinidad de estructuras generando ligeras cortinas y separadores de ambientes para interior y exterior. As\u00ed, \u00a1puedes conseguir entornos m\u00e1s \u00edntimos o espacios chill out de lo m\u00e1s interesantes![\/vc_column_text][vc_column_text uncode_shortcode_id=\u00bb907290&#8243;]Finalmente, para disfrutar de las noches descansando con el m\u00e1ximo confort y calidad, te aconsejamos nuestro colch\u00f3n confort de muelles ensacados. Con altura de 25 cm, de tacto suave, con n\u00facleo de muelles cl\u00e1sicos y amortiguador HR28, ver\u00e1s exponencialmente mejorada tu calidad de sue\u00f1o. Porque en <strong>Idees Disseny<\/strong> sabemos que los buenos sue\u00f1os se cumplen si vienen acompa\u00f1ados del mejor descanso ;)[\/vc_column_text][\/vc_column][vc_column width=\u00bb1\/4&#8243;][\/vc_column][\/vc_row][vc_row unlock_row_content=\u00bbyes\u00bb row_height_percent=\u00bb0&#8243; overlay_alpha=\u00bb50&#8243; gutter_size=\u00bb3&#8243; column_width_percent=\u00bb100&#8243; shift_y=\u00bb0&#8243; z_index=\u00bb0&#8243; uncode_shortcode_id=\u00bb111355&#8243; el_class=\u00bbgrid-img\u00bb][vc_column width=\u00bb1\/1&#8243;][vc_gallery el_id=\u00bbgallery-208033&#8243; medias=\u00bb114170,114167,114173,114176&#8243; gutter_size=\u00bb3&#8243; screen_lg=\u00bb1000&#8243; screen_md=\u00bb600&#8243; screen_sm=\u00bb480&#8243; single_width=\u00bb3&#8243; single_overlay_opacity=\u00bb50&#8243; single_padding=\u00bb2&#8243; uncode_shortcode_id=\u00bb162364&#8243;][\/vc_column][\/vc_row][vc_row row_height_percent=\u00bb0&#8243; overlay_alpha=\u00bb50&#8243; gutter_size=\u00bb3&#8243; column_width_percent=\u00bb100&#8243; shift_y=\u00bb0&#8243; z_index=\u00bb0&#8243; uncode_shortcode_id=\u00bb940555&#8243; el_class=\u00bbsocials\u00bb][vc_column width=\u00bb1\/1&#8243;][vc_custom_heading heading_semantic=\u00bbh4&#8243; text_size=\u00bbh4&#8243; uncode_shortcode_id=\u00bb151421&#8243;]<\/p>\n<p style=\"text-align: center;\">COMPARTIR<\/p>\n<p>[\/vc_custom_heading][uncode_block id=\u00bb111703&#8243; inside_column=\u00bbyes\u00bb][\/vc_column][\/vc_row]<\/p>\n","protected":false},"excerpt":{"rendered":"<p>El verano es una estaci\u00f3n que carga de energ\u00eda y de ilusi\u00f3n. Unos meses de calma que nos ayudan a serenarnos y coger fuerzas. Por ello, desde Idees Disseny te proponemos vivir estos d\u00edas de verano con el m\u00e1ximo descanso y tranquilidad gracias a la selecci\u00f3n que te ofrecemos a continuaci\u00f3n.<\/p>\n","protected":false},"author":3,"featured_media":114151,"comment_status":"closed","ping_status":"open","sticky":false,"template":"","format":"standard","meta":[],"categories":[2],"tags":[],"acf":[],"_links":{"self":[{"href":"https:\/\/ideesdisseny.com\/es\/wp-json\/wp\/v2\/posts\/121211"}],"collection":[{"href":"https:\/\/ideesdisseny.com\/es\/wp-json\/wp\/v2\/posts"}],"about":[{"href":"https:\/\/ideesdisseny.com\/es\/wp-json\/wp\/v2\/types\/post"}],"author":[{"embeddable":true,"href":"https:\/\/ideesdisseny.com\/es\/wp-json\/wp\/v2\/users\/3"}],"replies":[{"embeddable":true,"href":"https:\/\/ideesdisseny.com\/es\/wp-json\/wp\/v2\/comments?post=121211"}],"version-history":[{"count":3,"href":"https:\/\/ideesdisseny.com\/es\/wp-json\/wp\/v2\/posts\/121211\/revisions"}],"predecessor-version":[{"id":121681,"href":"https:\/\/ideesdisseny.com\/es\/wp-json\/wp\/v2\/posts\/121211\/revisions\/121681"}],"wp:featuredmedia":[{"embeddable":true,"href":"https:\/\/ideesdisseny.com\/es\/wp-json\/wp\/v2\/media\/114151"}],"wp:attachment":[{"href":"https:\/\/ideesdisseny.com\/es\/wp-json\/wp\/v2\/media?parent=121211"}],"wp:term":[{"taxonomy":"category","embeddable":true,"href":"https:\/\/ideesdisseny.com\/es\/wp-json\/wp\/v2\/categories?post=121211"},{"taxonomy":"post_tag","embeddable":true,"href":"https:\/\/ideesdisseny.com\/es\/wp-json\/wp\/v2\/tags?post=121211"}],"curies":[{"name":"wp","href":"https:\/\/api.w.org\/{rel}","templated":true}]}}